{"id":63630,"date":"2023-06-07T18:16:53","date_gmt":"2023-06-07T16:16:53","guid":{"rendered":"https:\/\/www.cigarjournal.com\/30-jahre-mymi\/"},"modified":"2023-06-07T18:18:28","modified_gmt":"2023-06-07T16:18:28","slug":"30-jahre-mymi","status":"publish","type":"post","link":"https:\/\/www.cigarjournal.com\/de\/30-jahre-mymi\/","title":{"rendered":"30 Jahre My&#038;Mi"},"content":{"rendered":"<p>30 Jahre sind ein besonderes Jubil\u00e4um. Von 25. Bis 27. Mai 2023 lud das slowakische Zigarrenunternehmung My&amp;Mi ihre Partner und Wegbegleiter aus aller Welt nach Bratislava ein, um das Firmenjubil\u00e4um zu feiern.<\/p>\n<p>Miroslav Bajto\u0161, der My&amp;Mi 1993 gegr\u00fcndet hatte, und sein Sohn Maro\u0161, der mit ihm seit 2015 die Geschicke leitet, haben \u00fcber drei Jahrzehnte einen der f\u00fchrenden Betriebe im Premiumzigarren Segment etabliert.<\/p>\n<p>Rund 100 G\u00e4ste waren ihrer Einladung gefolgt, unter ihnen Alejandro Turrent, Freddie Molina und Steven Kron von A.J. Fernandez, J.C. Newman\u2018s Aldo Puncioni, Thomas Gryson von Oliva Cigars, der Zigarrenproduzent Stefan Lampert sowie Scott Vines und Ricardo Carioni der britischen Tor Imports.<\/p>\n<p>W\u00e4hrend beim Golfturnier untertags der sportliche Gedanke im Vordergrund stand, konnten die Teilnehmer bei einer Stadttour durch den historischen Kern Bratislavas dem kulturellen Programm fr\u00f6nen. Selbstverst\u00e4ndlich durfte auch der Genuss einer gemeinsamen Zigarre in der hauseigenen Lounge von Dom Cigars, dem Einzelhandelsarm von My&amp;Mi, nicht fehlen.<\/p>\n<p>Den H\u00f6hepunkt der Festivit\u00e4ten bildete der Galaabend im Golfclub Welten B\u00e1\u010d. Zum Dinner konnten edle Tropfen des Weinguts Murani degustiert werden, w\u00e4hrend Cuervo y Sobrinos seine exquisiten Uhren pr\u00e4sentierte. Eine wohlfeile Auswahl von Zigarren der langj\u00e4hrigen Partnerfirmen stand an der Cigar Bar bereit. Besonders stolz stellten Miroslav und Maro\u0161 Bajtos ihre 30-Jahr Jubil\u00e4umszigarre vor, die gemeinsam mit Alejandro Turrent in Mexiko gefertigt wurde.<\/p>\n<p>Mit der Darbietung der Folklore Gruppe \u0160umia\u010dan wurde dem kulturellen Erbe der Slowakei Tribut gezollt. Die Festg\u00e4ste lie\u00dfen sich von den traditionellen T\u00e4nzen und Musikst\u00fccken mitrei\u00dfen, ehe ein DJ bis in die fr\u00fchen Morgenstunden f\u00fcr Stimmung sorgte.<\/p>\n","protected":false},"excerpt":{"rendered":"<p>Von 25. Bis 27. Mai 2023 lud das slowakische Zigarrenunternehmung My&#038;Mi ihre Partner und Wegbegleiter aus aller Welt nach Bratislava ein, um das Firmenjubil\u00e4um zu feiern.<\/p>\n","protected":false},"author":28,"featured_media":63628,"comment_status":"closed","ping_status":"open","sticky":false,"template":"","format":"standard","meta":{"_mi_skip_tracking":false},"categories":[28,1,39],"tags":[8929],"_links":{"self":[{"href":"https:\/\/www.cigarjournal.com\/de\/wp-json\/wp\/v2\/posts\/63630"}],"collection":[{"href":"https:\/\/www.cigarjournal.com\/de\/wp-json\/wp\/v2\/posts"}],"about":[{"href":"https:\/\/www.cigarjournal.com\/de\/wp-json\/wp\/v2\/types\/post"}],"author":[{"embeddable":true,"href":"https:\/\/www.cigarjournal.com\/de\/wp-json\/wp\/v2\/users\/28"}],"replies":[{"embeddable":true,"href":"https:\/\/www.cigarjournal.com\/de\/wp-json\/wp\/v2\/comments?post=63630"}],"version-history":[{"count":1,"href":"https:\/\/www.cigarjournal.com\/de\/wp-json\/wp\/v2\/posts\/63630\/revisions"}],"predecessor-version":[{"id":63631,"href":"https:\/\/www.cigarjournal.com\/de\/wp-json\/wp\/v2\/posts\/63630\/revisions\/63631"}],"wp:featuredmedia":[{"embeddable":true,"href":"https:\/\/www.cigarjournal.com\/de\/wp-json\/wp\/v2\/media\/63628"}],"wp:attachment":[{"href":"https:\/\/www.cigarjournal.com\/de\/wp-json\/wp\/v2\/media?parent=63630"}],"wp:term":[{"taxonomy":"category","embeddable":true,"href":"https:\/\/www.cigarjournal.com\/de\/wp-json\/wp\/v2\/categories?post=63630"},{"taxonomy":"post_tag","embeddable":true,"href":"https:\/\/www.cigarjournal.com\/de\/wp-json\/wp\/v2\/tags?post=63630"}],"curies":[{"name":"wp","href":"https:\/\/api.w.org\/{rel}","templated":true}]}}