{"id":28555,"date":"2019-03-26T14:14:02","date_gmt":"2019-03-26T13:14:02","guid":{"rendered":"https:\/\/www.cigarjournal.com\/?p=28555"},"modified":"2019-04-01T15:54:53","modified_gmt":"2019-04-01T13:54:53","slug":"zweiter-deutscher-zigarren-tag-31-august-2019","status":"publish","type":"post","link":"https:\/\/www.cigarjournal.com\/de\/zweiter-deutscher-zigarren-tag-31-august-2019\/","title":{"rendered":"Zweiter Deutscher Zigarren Tag | 31. August 2019"},"content":{"rendered":"<p>Am 31.08.2019 wird in B\u00fcnde der &#8222;Zweite Deutsche Cigarrentag&#8220; und dem Motto: &#8222;&#8230; ein Erlebnis f\u00fcr die Sinne&#8220; stattfinden.<\/p>\n<h3>Programm:<\/h3>\n<ul>\n<li><span style=\"background-color: transparent;\">Ab 10.00 Uhr Treffen\u00a0<\/span><span style=\"background-color: transparent;\">am Deutschen Tabak- und Zigarrenmuseum B\u00fcnde, F\u00fcnfhausenstra\u00dfe 8 -12, 32257 B\u00fcnde.<\/span><\/li>\n<li><span style=\"background-color: transparent;\">Nach einem Snack um 12.00 Uhr startet die erste Genussrunde (Shuttlebus verf\u00fcgbar).<\/span><\/li>\n<li><span style=\"background-color: transparent;\">Start der zweiten und dritten Genussrunde ist um 15.00 Uhr nach Kaffee und Kuchen.<\/span><\/li>\n<li><span style=\"background-color: transparent;\">Beim genussvollen Abendbuffet mit Livemusik klingt der Tag am Tabak- und Zigarrenmuseum aus.<\/span><\/li>\n<\/ul>\n<p>Anmeldung bis zum 31. Juli 2019 unter: <a href=\"mailto:anmeldung@deutscher-cigarrentag.de\">anmeldung@deutscher-cigarrentag.de<\/a><\/p>\n<p>Weiter Informationen finden Sie hier: <a href=\"https:\/\/www.cigarjournal.com\/wp-content\/uploads\/2019\/03\/Flyer_2.Deutscher_Cigarrentag.pdf\">Flyer_2.Deutscher_Cigarrentag<\/a><\/p>\n<h3>Deutsches Tabak- und Zigarrenmuseum B\u00fcnde<\/h3>\n<p>F\u00fcnfhausenstra\u00dfe 8-12<br \/>\n32257 B\u00fcnde<br \/>\n<strong>Start<\/strong>: 11:00 Uhr<\/p>\n<p><iframe loading=\"lazy\" style=\"border: 0;\" src=\"https:\/\/www.google.com\/maps\/embed?pb=!1m18!1m12!1m3!1d2445.6288518974316!2d8.579977151478834!3d52.19561876787096!2m3!1f0!2f0!3f0!3m2!1i1024!2i768!4f13.1!3m3!1m2!1s0x47ba104121ca4f1b%3A0x325fb5b039b8f520!2sF%C3%BCnfhausenstra%C3%9Fe+8%2C+32257+B%C3%BCnde%2C+Deutschland!5e0!3m2!1sde!2sat!4v1553602052428\" width=\"600\" height=\"450\" frameborder=\"0\" allowfullscreen=\"allowfullscreen\"><\/iframe><\/p>\n","protected":false},"excerpt":{"rendered":"<p>Am 31.08.2019 wird in B\u00fcnde der &#8222;Zweite Deutsche Cigarrentag&#8220; und dem Motto: &#8222;&#8230; ein Erlebnis f\u00fcr die Sinne&#8220; stattfinden.<\/p>\n","protected":false},"author":28,"featured_media":28558,"comment_status":"closed","ping_status":"closed","sticky":false,"template":"","format":"standard","meta":{"_mi_skip_tracking":false},"categories":[28,39],"tags":[],"_links":{"self":[{"href":"https:\/\/www.cigarjournal.com\/de\/wp-json\/wp\/v2\/posts\/28555"}],"collection":[{"href":"https:\/\/www.cigarjournal.com\/de\/wp-json\/wp\/v2\/posts"}],"about":[{"href":"https:\/\/www.cigarjournal.com\/de\/wp-json\/wp\/v2\/types\/post"}],"author":[{"embeddable":true,"href":"https:\/\/www.cigarjournal.com\/de\/wp-json\/wp\/v2\/users\/28"}],"replies":[{"embeddable":true,"href":"https:\/\/www.cigarjournal.com\/de\/wp-json\/wp\/v2\/comments?post=28555"}],"version-history":[{"count":0,"href":"https:\/\/www.cigarjournal.com\/de\/wp-json\/wp\/v2\/posts\/28555\/revisions"}],"wp:featuredmedia":[{"embeddable":true,"href":"https:\/\/www.cigarjournal.com\/de\/wp-json\/wp\/v2\/media\/28558"}],"wp:attachment":[{"href":"https:\/\/www.cigarjournal.com\/de\/wp-json\/wp\/v2\/media?parent=28555"}],"wp:term":[{"taxonomy":"category","embeddable":true,"href":"https:\/\/www.cigarjournal.com\/de\/wp-json\/wp\/v2\/categories?post=28555"},{"taxonomy":"post_tag","embeddable":true,"href":"https:\/\/www.cigarjournal.com\/de\/wp-json\/wp\/v2\/tags?post=28555"}],"curies":[{"name":"wp","href":"https:\/\/api.w.org\/{rel}","templated":true}]}}