{"id":22598,"date":"2018-09-10T12:14:12","date_gmt":"2018-09-10T10:14:12","guid":{"rendered":"https:\/\/www.cigarjournal.com\/?p=22598"},"modified":"2018-09-10T12:14:12","modified_gmt":"2018-09-10T10:14:12","slug":"lorscher-kerb-mit-tabakfest-vom-15-17-9","status":"publish","type":"post","link":"https:\/\/www.cigarjournal.com\/de\/lorscher-kerb-mit-tabakfest-vom-15-17-9\/","title":{"rendered":"Lorscher Kerb mit Tabakfest vom 15.-17.9."},"content":{"rendered":"<p>Jedes Fest hat seine eigene Atmosph\u00e4re. Und die Kerb in Lorsch, die ist vielleicht das \u201elorscherischste\u201c unter den hiesigen Stadtfesten. Denn obwohl das Johannisfest immer wieder und immer noch als \u201eder h\u00f6chste Feiertag\u201c gilt, ist die Kerb tiefer in der Stadt verwurzelt, \u201eauch wenn die Anzahl der Strau\u00dfwirtschaften leider wieder zur\u00fcckgegangen ist\u201c, wissen die Organisatorinnen vom Lorscher Kulturamt. Das mag auch mit den st\u00e4ndig strafferen Lebensmittel- und L\u00e4rmgesetzen zu tun haben, die es Privaten und Vereinen immer schwerer machen. Auch das Fest in der Stadtmitte hat damit zu k\u00e4mpfen. \u201eAber wir wollen uns dadurch nicht die Feierlaune verderben lassen\u201c, ist sich das Team der Stadtverwaltung einig.<\/p>\n<h3>Programm als Wundert\u00fcte f\u00fcr alle<\/h3>\n<p>Das Programm das zusammengestellt wurde, lie\u00dfe das auch gar nicht zu. \u00dcber sechzehn Bands und Kapellen an drei Tagen, T\u00e4nzerinnen und S\u00e4nger, Blasmusik und Soul, Pop und Rock auf Englisch, Deutsch und Ourew\u00e4llerisch, eine Schwertschluckerin und ein Walking Act, Clowns und Cocktails, Spritziges und Gerstensaft, edler Wein und Federwei\u00dfer, Rippchen, Bratwurst und Burger, Fremdl\u00e4ndisches und Regionales, eigene Zigarren und Rum \u2013 \u201eWer hier nichts findet, wird wohl im Paradies versauern!\u201c lachen die Frauen im Kultur-Amt. Fliegende H\u00e4ndler und ein auf Kerb eingestellter Einzelhandel mit Offenem Sonntag, Schn\u00e4ppchen und vielleicht auch lang Ersehntem: Die Marktmeile bietet mit \u00fcber achtzig St\u00e4nden ein breites, buntes Angebot. \u201eIm Augenblick kommen jeden Tag weitere Anfragen\u201c, so Jana Lenhart vom Kulturamt. \u201cEigentlich sind wir proppenvoll, aber wir versuchen immer noch weitere interessante Angebote dazwischen zu schieben\u2026!\u201c<\/p>\n<h3>Schubkarren mit Zigarren<\/h3>\n<p>Und dann nat\u00fcrlich das Schubkarren-Rennen. Ein bisschen Tradition, ein bisschen wieder auferstanden, zum dritten Mal durch ein Kinder-Schubkarren-Rennen am Samstag erg\u00e4nzt. Doch bei den Erwachsenen (wie bei den Kindern in Zweier-Teams) geht es am Sonntag nicht um die Wurst, sondern vielmehr um die Zigarre: Denn diese gilt es &#8211; im Riesenformat \u2013 auf den Schubkarren ins Ziel zu bringen. Doch keine Angst: Hier raucht h\u00f6chsten der Asphalt! Attraktive Preise kommen zur Gaudi als Belohnung obendrauf f\u00fcr die, die sich der sportlichen Herausforderung stellen.<\/p>\n<h3>Eine Hommage an die Tradition<\/h3>\n<p>Doch er\u00f6ffnet wird das alles \u2013 ganz alte Schule \u2013 von Kerwe-Redd und dem Hissen des Kerwe-Kranzes am Alten Rathaus, mit Freibier und mit der politischen Prominenz aus der Region. Dieses Mal erweitert um W\u00fcrdentr\u00e4ger in Sachen Tabak aus der Metropolregion. Denn Lorscher Kerb ist seit 2014 auch Tabak-Fest und kn\u00fcpft damit an eine ebenfalls uralte Tradition, als Lorsch noch vom Tabak lebte und die Kerb vom Geld der dann frisch entlohnten Tabak-Erntehelfer. Im Anschluss an die Er\u00f6ffnung der diesj\u00e4hrigen Lorscher Kerb mit Tabak-Fest soll der bundesl\u00e4nder\u00fcbergreifende UNESCO-Antrag Immaterielles Welterbe Tabakkultur weitergerbacht und die benachbarten politischen Partner \u00fcber den Stand der Dinge informiert werden.<\/p>\n<p>Das Tabak-Fest zu F\u00fc\u00dfen der K\u00f6nigshalle spielt das Thema breit unter die Festgemeinde: Marktst\u00e4nde und Informationen des Lorscher Tabak-Projektes, frischer gebrochener Tabak, der aufgen\u00e4ht und aufgeh\u00e4ngt wird. Eine Ausstellung im Paul-Schnitzer-Saal mit zeitgen\u00f6ssischer kubanischer Kunst, ein Tabak-Seminar der bekannten Tabak-Manufakturbesitzerin Annette Meisl am Samstag (18 Uhr) im MUZ-Keller und am Sonntag die kostenlose \u00d6ffnung der Tabakscheune im Klosterfeld, bieten zus\u00e4tzlich Gelegenheit sich zu informieren. Nicht zuletzt: Die \u201eLorsa Brasil\u201c 2017 wird auf der Kerb 2018 angeraucht.<\/p>\n<h3>Neuerungen werden ausgebaut<\/h3>\n<p>Schlie\u00dflich die Neuerungen vom letzten Jahr: Am Sonntag ab 10 Uhr gibt es das 2. Lorscher Kerwe-Fr\u00fchst\u00fcck mit neun sehr unterschiedlichen lukullischen Stationen entlang der Marktmeile. \u201eDas kam super an und wird wiederholt\u201c, waren sich alle Beteiligten einig. Und im Weindorf wird wieder Weinlauben-Gem\u00fctlichkeit gezaubter, \u201emit den gew\u00fcnschten Optimierungen, aber dem gleichen neuen Flair zwischen Wiener Heurigen und Pf\u00e4lzer Weinseligkeit, \u201edieses Mal sogar mit original Schoppenmusik zum Montags-Fr\u00fchschoppen\u201c, verraten die Organsatorinnen. Neu ist schlie\u00dflich auch ein Sponsor, \u201eder uns massiv unter die Arme greift und eine L\u00fccke schlie\u00dft, die der Kerb an anderer Stelle entstandnen ist\u201c, so Kulturamtsleiterin Gabi Dewald. \u201eMit dem Braust\u00fcb\u2019l der Darmst\u00e4dter Privatbrauerei ist die Kerb f\u00fcr die n\u00e4chsten Jahre in jedem Fall nicht nur gesichert, sondern weiter ausbauf\u00e4hig.\u201c \u2013 Kein Wunder, dass da die Feierlaune w\u00e4chst!<\/p>\n<h3>Lorscher Kerb mit Tabakfest<\/h3>\n<p><strong>Ort:<\/strong> Klostergel\u00e4nde, Innenstadt rund ums Museumszentrum, Lorsch 64653<br \/>\n<strong>Termin:<\/strong> 15.\/16.\/17. September 2018<\/p>\n","protected":false},"excerpt":{"rendered":"<p>Jedes Fest hat seine eigene Atmosph\u00e4re. Zum Tabakfest der UNESCO-Kulturerbestadt Lorsch erwarten Besucher zahlreiche Highlights.<\/p>\n","protected":false},"author":28,"featured_media":22599,"comment_status":"closed","ping_status":"closed","sticky":false,"template":"","format":"standard","meta":{"_mi_skip_tracking":false},"categories":[28,1,39],"tags":[90,88,2326,3010],"_links":{"self":[{"href":"https:\/\/www.cigarjournal.com\/de\/wp-json\/wp\/v2\/posts\/22598"}],"collection":[{"href":"https:\/\/www.cigarjournal.com\/de\/wp-json\/wp\/v2\/posts"}],"about":[{"href":"https:\/\/www.cigarjournal.com\/de\/wp-json\/wp\/v2\/types\/post"}],"author":[{"embeddable":true,"href":"https:\/\/www.cigarjournal.com\/de\/wp-json\/wp\/v2\/users\/28"}],"replies":[{"embeddable":true,"href":"https:\/\/www.cigarjournal.com\/de\/wp-json\/wp\/v2\/comments?post=22598"}],"version-history":[{"count":0,"href":"https:\/\/www.cigarjournal.com\/de\/wp-json\/wp\/v2\/posts\/22598\/revisions"}],"wp:featuredmedia":[{"embeddable":true,"href":"https:\/\/www.cigarjournal.com\/de\/wp-json\/wp\/v2\/media\/22599"}],"wp:attachment":[{"href":"https:\/\/www.cigarjournal.com\/de\/wp-json\/wp\/v2\/media?parent=22598"}],"wp:term":[{"taxonomy":"category","embeddable":true,"href":"https:\/\/www.cigarjournal.com\/de\/wp-json\/wp\/v2\/categories?post=22598"},{"taxonomy":"post_tag","embeddable":true,"href":"https:\/\/www.cigarjournal.com\/de\/wp-json\/wp\/v2\/tags?post=22598"}],"curies":[{"name":"wp","href":"https:\/\/api.w.org\/{rel}","templated":true}]}}