{"id":18689,"date":"2018-01-27T17:06:57","date_gmt":"2018-01-27T16:06:57","guid":{"rendered":"https:\/\/www.cigarjournal.com\/?p=18689\/"},"modified":"2018-01-27T17:07:36","modified_gmt":"2018-01-27T16:07:36","slug":"fuente-kehrt-nach-esteli-nicaragua-zurueck","status":"publish","type":"post","link":"https:\/\/www.cigarjournal.com\/de\/fuente-kehrt-nach-esteli-nicaragua-zurueck\/","title":{"rendered":"Fuente kehrt nach Estel\u00ed, Nicaragua, zur\u00fcck!"},"content":{"rendered":"<p>Vor drei Dekaden \u2013 im Jahr 1978 \u2013 wurde die Fuente-Fabrik in Nicaragua w\u00e4hrend der Revolution niedergebrannt. Am 26. Januar 2018 verk\u00fcndete Carlos Fuente Jr., dass man eine neue Zigarrenfabrik in Estel\u00ed errichten werde.&nbsp;<\/p>\n<p>Beim nicaraguanischen Zigarren-Festival Puro Sabor 2018 sagte er: \u201eCarlito kehrt nach Nicaragua zur\u00fcck!\u201c<\/p>\n<p>Die neue, im Kolonialstil gehaltene Fabrik im Zentrum von Estel\u00ed wurde von Manny Iriarte gestaltet und La Bella y La Bestia (\u201edie Sch\u00f6ne und das Biest\u201c) getauft. Mit den Bauarbeiten soll umgehend begonnen werden. Felix Mesa, Sch\u00f6pfer der Zigarrenmarken El Gal\u00e1n und Do\u00f1a Nieves, wird als Fuentes rechte Hand fungieren und f\u00fcr den gesamten Betrieb in Nicaragua verantwortlich zeichnen.<\/p>\n<p>\u201eWenn wir unsere Vergangenheit nicht respektieren und w\u00fcrdigen, dann haben wir keine Zukunft\u201c, erkl\u00e4rt Fuente. Zur\u00fcck in Estel\u00ed zu sein, rufe so viele Erinnerungen an seine Kindheit hervor, als er die wenigen Zigarrenhersteller kennenlernte, die es damals in der Stadt gab und die den Weg f\u00fcr die Tabakindustrie in Nicaragua ebneten. Darunter: Alejandro Martinez Cuenca, Jos\u00e9 Orlando Padr\u00f3n, Gilberto Oliva, Nestor Plasencia Sr. \u2026 \u201eIch danke den Leuten von Nicaragua daf\u00fcr, dass ich die Chance habe, hier zu investieren und damit einen Beitrag f\u00fcr eine bessere Zukunft der Kinder dieses herrlichen Landes leisten kann.\u201c<\/p>\n<p>\u201eEs war der Traum meines Vaters, nach Nicaragua zur\u00fcckzukommen\u201c, sagt Carlito Fuente. \u201eEr hat unsere Plantage hier gesehen, auf der wir seit nunmehr vier Jahren drei verschiedene Tabaksorten anbauen. Er wusste von meiner Vision und hat mich unterst\u00fctzt. Ich habe Herz und Seele in dieses Vorhaben gesteckt, nicht zuletzt wegen meiner Kollegen und Freunde hier, denen ich seit vielen Jahren verbunden bin. Mit der Fabrik hisse ich meine Fahne in Estel\u00ed. Wir werden hier mit unseren Partnern \u2013 der Familie Newman \u2013 auch eine Branche unserer Cigar Family Charitable Foundation er\u00f6ffnen, um den Kinder von Estel\u00ed ein besseres Leben zu bieten.\u201c<\/p>\n","protected":false},"excerpt":{"rendered":"<p>Vor drei Dekaden \u2013 im Jahr 1978 \u2013 wurde die Fuente-Fabrik in Nicaragua w\u00e4hrend der Revolution niedergebrannt. Am 26. Januar 2018 verk\u00fcndete Carlos Fuente Jr., dass man eine neue Zigarrenfabrik in Estel\u00ed errichten werde.<\/p>\n","protected":false},"author":5,"featured_media":18687,"comment_status":"closed","ping_status":"closed","sticky":false,"template":"","format":"standard","meta":{"_mi_skip_tracking":false},"categories":[1,39,12,2809],"tags":[2814,1146,4663,3855],"_links":{"self":[{"href":"https:\/\/www.cigarjournal.com\/de\/wp-json\/wp\/v2\/posts\/18689"}],"collection":[{"href":"https:\/\/www.cigarjournal.com\/de\/wp-json\/wp\/v2\/posts"}],"about":[{"href":"https:\/\/www.cigarjournal.com\/de\/wp-json\/wp\/v2\/types\/post"}],"author":[{"embeddable":true,"href":"https:\/\/www.cigarjournal.com\/de\/wp-json\/wp\/v2\/users\/5"}],"replies":[{"embeddable":true,"href":"https:\/\/www.cigarjournal.com\/de\/wp-json\/wp\/v2\/comments?post=18689"}],"version-history":[{"count":0,"href":"https:\/\/www.cigarjournal.com\/de\/wp-json\/wp\/v2\/posts\/18689\/revisions"}],"wp:featuredmedia":[{"embeddable":true,"href":"https:\/\/www.cigarjournal.com\/de\/wp-json\/wp\/v2\/media\/18687"}],"wp:attachment":[{"href":"https:\/\/www.cigarjournal.com\/de\/wp-json\/wp\/v2\/media?parent=18689"}],"wp:term":[{"taxonomy":"category","embeddable":true,"href":"https:\/\/www.cigarjournal.com\/de\/wp-json\/wp\/v2\/categories?post=18689"},{"taxonomy":"post_tag","embeddable":true,"href":"https:\/\/www.cigarjournal.com\/de\/wp-json\/wp\/v2\/tags?post=18689"}],"curies":[{"name":"wp","href":"https:\/\/api.w.org\/{rel}","templated":true}]}}