{"id":18279,"date":"2017-12-05T15:33:38","date_gmt":"2017-12-05T14:33:38","guid":{"rendered":"https:\/\/www.cigarjournal.com\/?p=18279\/"},"modified":"2017-12-07T16:33:01","modified_gmt":"2017-12-07T15:33:01","slug":"zigarrenlegende-jose-o-padron-91-jaehrig-verstorben","status":"publish","type":"post","link":"https:\/\/www.cigarjournal.com\/de\/zigarrenlegende-jose-o-padron-91-jaehrig-verstorben\/","title":{"rendered":"Zigarrenlegende Jos\u00e9 O. Padr\u00f3n 91-j\u00e4hrig verstorben"},"content":{"rendered":"<p>Soeben erreicht uns die traurige Nachricht, dass Jos\u00e9 Orlando Padr\u00f3n, der Gr\u00fcnder von Padr\u00f3n Cigars, letzte Nacht 91-j\u00e4hrig im Kreise seiner Familie aus dem Leben geschieden ist.<\/p>\n<p>Jos\u00e9 Orlando Padr\u00f3n konnte auf ein turbulentes, erf\u00fclltes Leben zur\u00fcckblicken. Erst vor wenigen Wochen verwirklichte er mit der Ver\u00f6ffentlichung seiner Autobiographie <em>Memorable Moments In My Life<\/em> eines der letzten gro\u00dfen Ziele seines Lebens.<\/p>\n<p>Padr\u00f3n, 1926 als Sohn kanarischer Einwanderer in Kuba geboren, wuchs mit Tabakanbau auf und verlie\u00df sein Heimatland, als er den Glauben an die Revolution und deren F\u00fchrer verlor. Nach kurzen Aufenthalten in Madrid und in New York erreichte er schlie\u00dflich Miami, wo er mithilfe des nun als Kernst\u00fcck des Familienbetriebs erachteten kleinen Hammers mit Tischlerarbeiten ausreichend Geld ansparen konnte, um seine eigene kleine Zigarrenmanufaktur aufzubauen.<\/p>\n<p>Der Weg dahin, einer der international renommiertesten Zigarrenhersteller zu werden, war jedoch kein einfacher. Arbeitsamkeit, Respekt und Integrit\u00e4t waren jene Elemente, die es Padr\u00f3n erm\u00f6glichten, den Betrieb auch durch politisch schwierige Zeiten in den 70er- und 80er-Jahren zu f\u00fchren. Dramatische Momente in seinem Leben waren das Niederbrennen von Betriebsgeb\u00e4uden in Estel\u00ed, mehrere terroristische Akte gegen die Produktionsst\u00e4tte in Miami und sogar ein vereitelter Kidnapping-Versuch.<\/p>\n<p>Padr\u00f3n blieb zeit seines Lebens jenen freimaurerischen, ethischen und humanistischen Prinzipien treu, die elementarer Bestandteil seiner Erziehung, insbesondere durch seinen Gro\u00dfvaters D\u00e1maso waren: Gro\u00dfz\u00fcgigkeit, Freiheit und Respekt gegen\u00fcber anderen, unabh\u00e4ngig von ihren politischen oder religi\u00f6sen \u00dcberzeugungen, ethnischen Zugeh\u00f6rigkeit und \u00f6konomischen Situation.<\/p>\n<p>Mit Jos\u00e9 O. Padr\u00f3n verliert die Welt einen gro\u00dfen Humanisten und Pionier der Zigarrenwelt. Sein Verm\u00e4chtnis lebt in seiner Familie und jenen Zigarren weiter, denen er zuschrieb, eine wertvolle Quelle von Inspiration zu sein, auf einzigartige Weise zwischenmenschliche Beziehungen zu f\u00f6rdern und Sicherheit und Chancen f\u00fcr seine Familie und Angestellten sowie zahlreiche andere Menschen aus vielen Teilen der Welt geschaffen zu haben.<\/p>\n<p><strong>Die Familie hat folgendes Statement auf Facebook gepostet:<\/strong><\/p>\n<p><em>Please join us in a celebration of Jos\u00e9 O. Padr\u00f3n\u2019s life this Friday, December 8th, 6 &#8211; 10 pm at the Biltmore Hotel, 1200 Anastasia Ave., Coral Gables, FL 33134.<\/em><\/p>\n<p><em>A memorial service will be held on Saturday, December 9th at 2:00 pm at St. Patrick Catholic Church, 3716 Garden Ave., Miami Beach, FL 33140.<\/em><\/p>\n<p><em>The burial will immediately follow at Caballero Rivero Woodlawn Park North Cemetery located at 3260 SW 8th St., Miami, FL 33135.<\/em><\/p>\n<p><em>For those who have inquired about sending flowers or donations, we are in the process of setting up a web page so donations can be made online in support of the Padr\u00f3n Family Foundation&#8217;s funding of education and healthcare programs benefitting our communities.<\/em><\/p>\n<p><em>To donate, please visit www.padronfamilyfoundation.org after Friday, December 8th.<\/em><\/p>\n<p><em>We thank you for your patience and understanding during this difficult time.<\/em><\/p>\n<p><em>The Padr\u00f3n Family.<\/em><\/p>\n<p>Photo: Juan Manuel Garcia<\/p>\n","protected":false},"excerpt":{"rendered":"<p>Soeben erreicht uns die traurige Nachricht, dass Jos\u00e9 Orlando Padr\u00f3n, der Gr\u00fcnder von Padr\u00f3n Cigars, 91-j\u00e4hrig im Kreise seiner Familie aus dem Leben geschieden ist.<\/p>\n","protected":false},"author":2,"featured_media":18280,"comment_status":"closed","ping_status":"closed","sticky":false,"template":"","format":"standard","meta":{"_mi_skip_tracking":false},"categories":[1,39,12,2809],"tags":[2488,1282],"_links":{"self":[{"href":"https:\/\/www.cigarjournal.com\/de\/wp-json\/wp\/v2\/posts\/18279"}],"collection":[{"href":"https:\/\/www.cigarjournal.com\/de\/wp-json\/wp\/v2\/posts"}],"about":[{"href":"https:\/\/www.cigarjournal.com\/de\/wp-json\/wp\/v2\/types\/post"}],"author":[{"embeddable":true,"href":"https:\/\/www.cigarjournal.com\/de\/wp-json\/wp\/v2\/users\/2"}],"replies":[{"embeddable":true,"href":"https:\/\/www.cigarjournal.com\/de\/wp-json\/wp\/v2\/comments?post=18279"}],"version-history":[{"count":0,"href":"https:\/\/www.cigarjournal.com\/de\/wp-json\/wp\/v2\/posts\/18279\/revisions"}],"wp:featuredmedia":[{"embeddable":true,"href":"https:\/\/www.cigarjournal.com\/de\/wp-json\/wp\/v2\/media\/18280"}],"wp:attachment":[{"href":"https:\/\/www.cigarjournal.com\/de\/wp-json\/wp\/v2\/media?parent=18279"}],"wp:term":[{"taxonomy":"category","embeddable":true,"href":"https:\/\/www.cigarjournal.com\/de\/wp-json\/wp\/v2\/categories?post=18279"},{"taxonomy":"post_tag","embeddable":true,"href":"https:\/\/www.cigarjournal.com\/de\/wp-json\/wp\/v2\/tags?post=18279"}],"curies":[{"name":"wp","href":"https:\/\/api.w.org\/{rel}","templated":true}]}}